{"id":1671,"date":"2009-12-20T17:19:42","date_gmt":"2009-12-20T16:19:42","guid":{"rendered":"http:\/\/www.workshop.ch\/openmind\/2009\/12\/20\/openexpo-bern-2\/"},"modified":"2009-12-20T17:21:02","modified_gmt":"2009-12-20T16:21:02","slug":"openexpo-bern-2","status":"publish","type":"post","link":"https:\/\/www.workshop.ch\/openmind\/2009\/12\/20\/openexpo-bern-2\/","title":{"rendered":"OpenExpo, Bern"},"content":{"rendered":"<div class='__iawmlf-post-loop-links' style='display:none;' data-iawmlf-post-links='[{&quot;id&quot;:603,&quot;href&quot;:&quot;http:\\\/\\\/www.openexpo.ch&quot;,&quot;archived_href&quot;:&quot;http:\\\/\\\/web-wp.archive.org\\\/web\\\/20251204021745\\\/https:\\\/\\\/www.openexpo.ch\\\/&quot;,&quot;redirect_href&quot;:&quot;https:\\\/\\\/www.openexpo.ch\\\/&quot;,&quot;checks&quot;:[{&quot;date&quot;:&quot;2025-12-05 06:15:08&quot;,&quot;http_code&quot;:503},{&quot;date&quot;:&quot;2025-12-09 03:02:23&quot;,&quot;http_code&quot;:206},{&quot;date&quot;:&quot;2025-12-28 22:48:45&quot;,&quot;http_code&quot;:503},{&quot;date&quot;:&quot;2026-01-01 11:18:33&quot;,&quot;http_code&quot;:200},{&quot;date&quot;:&quot;2026-01-15 00:49:47&quot;,&quot;http_code&quot;:200},{&quot;date&quot;:&quot;2026-01-20 19:16:47&quot;,&quot;http_code&quot;:200},{&quot;date&quot;:&quot;2026-01-31 08:03:50&quot;,&quot;http_code&quot;:503},{&quot;date&quot;:&quot;2026-02-06 20:16:53&quot;,&quot;http_code&quot;:503},{&quot;date&quot;:&quot;2026-02-14 13:19:30&quot;,&quot;http_code&quot;:200},{&quot;date&quot;:&quot;2026-02-21 00:06:19&quot;,&quot;http_code&quot;:503},{&quot;date&quot;:&quot;2026-02-25 18:16:01&quot;,&quot;http_code&quot;:206},{&quot;date&quot;:&quot;2026-03-09 22:00:35&quot;,&quot;http_code&quot;:200},{&quot;date&quot;:&quot;2026-03-14 05:57:21&quot;,&quot;http_code&quot;:503},{&quot;date&quot;:&quot;2026-03-17 06:47:35&quot;,&quot;http_code&quot;:503},{&quot;date&quot;:&quot;2026-03-20 15:22:29&quot;,&quot;http_code&quot;:503},{&quot;date&quot;:&quot;2026-03-24 03:47:02&quot;,&quot;http_code&quot;:503},{&quot;date&quot;:&quot;2026-03-27 10:52:35&quot;,&quot;http_code&quot;:503},{&quot;date&quot;:&quot;2026-04-01 15:18:27&quot;,&quot;http_code&quot;:503},{&quot;date&quot;:&quot;2026-04-04 18:01:59&quot;,&quot;http_code&quot;:503},{&quot;date&quot;:&quot;2026-04-08 16:39:13&quot;,&quot;http_code&quot;:503},{&quot;date&quot;:&quot;2026-04-11 16:54:29&quot;,&quot;http_code&quot;:503},{&quot;date&quot;:&quot;2026-04-15 17:39:25&quot;,&quot;http_code&quot;:503},{&quot;date&quot;:&quot;2026-04-19 03:02:51&quot;,&quot;http_code&quot;:503},{&quot;date&quot;:&quot;2026-04-22 05:19:16&quot;,&quot;http_code&quot;:503},{&quot;date&quot;:&quot;2026-04-25 23:59:11&quot;,&quot;http_code&quot;:503}],&quot;broken&quot;:true,&quot;last_checked&quot;:{&quot;date&quot;:&quot;2026-04-25 23:59:11&quot;,&quot;http_code&quot;:503},&quot;process&quot;:&quot;done&quot;},{&quot;id&quot;:631,&quot;href&quot;:&quot;http:\\\/\\\/www.digitale-nachhaltigkeit.ch&quot;,&quot;archived_href&quot;:&quot;http:\\\/\\\/web-wp.archive.org\\\/web\\\/20170930145952\\\/https:\\\/\\\/www.digitale-nachhaltigkeit.ch\\\/&quot;,&quot;redirect_href&quot;:&quot;&quot;,&quot;checks&quot;:[{&quot;date&quot;:&quot;2025-12-04 01:13:55&quot;,&quot;http_code&quot;:200},{&quot;date&quot;:&quot;2025-12-09 03:02:18&quot;,&quot;http_code&quot;:200},{&quot;date&quot;:&quot;2025-12-28 22:48:42&quot;,&quot;http_code&quot;:200},{&quot;date&quot;:&quot;2026-01-01 11:32:38&quot;,&quot;http_code&quot;:200},{&quot;date&quot;:&quot;2026-02-02 20:52:46&quot;,&quot;http_code&quot;:200},{&quot;date&quot;:&quot;2026-03-13 11:13:30&quot;,&quot;http_code&quot;:200},{&quot;date&quot;:&quot;2026-03-19 15:11:46&quot;,&quot;http_code&quot;:200},{&quot;date&quot;:&quot;2026-03-24 03:47:00&quot;,&quot;http_code&quot;:200},{&quot;date&quot;:&quot;2026-04-01 15:18:24&quot;,&quot;http_code&quot;:200},{&quot;date&quot;:&quot;2026-04-06 16:44:19&quot;,&quot;http_code&quot;:200},{&quot;date&quot;:&quot;2026-04-12 05:04:26&quot;,&quot;http_code&quot;:200},{&quot;date&quot;:&quot;2026-04-15 17:39:22&quot;,&quot;http_code&quot;:200},{&quot;date&quot;:&quot;2026-04-21 07:25:26&quot;,&quot;http_code&quot;:200},{&quot;date&quot;:&quot;2026-04-27 22:39:27&quot;,&quot;http_code&quot;:200}],&quot;broken&quot;:false,&quot;last_checked&quot;:{&quot;date&quot;:&quot;2026-04-27 22:39:27&quot;,&quot;http_code&quot;:200},&quot;process&quot;:&quot;done&quot;}]'><\/div>\n<p><img loading=\"lazy\" decoding=\"async\" style=\"border-bottom: 0px; border-left: 0px; display: inline; border-top: 0px; border-right: 0px\" title=\"image\" src=\"http:\/\/www.workshop.ch\/openmind\/wp-content\/uploads\/2009\/12\/image11.png\" border=\"0\" alt=\"image\" width=\"200\" height=\"119\" \/><\/p>\n<p>Die n\u00e4chste Schweizer Open-Source-Messe <a href=\"http:\/\/www.openexpo.ch\/\">OpenExpo<\/a> findet am 24. und 25. M\u00e4rz 2010 in der BEA expo in Bern statt. Der erste Tag stellt die digitale Nachhaltigkeit ins Zentrum; H\u00f6hepunkt ist das Referat von Nationalr\u00e4tin Edith Graf-Litscher und Nationalrat Christian Wasserfallen, welche die <a href=\"http:\/\/www.digitale-nachhaltigkeit.ch\/\">Parlamentarische Gruppe Digitale Nachhaltigkeit<\/a> vorstellen. Der zweite Tag konzentriert sich auf die Informatikbed\u00fcrfnisse von KMUs und zeigt L\u00f6sungen aus den Kategorien CMS, DMS, CRM und ERP.<\/p>\n<!--CusAds0-->\n<div style=\"font-size: 0px; height: 0px; line-height: 0px; margin: 0; padding: 0; clear: both;\"><\/div>","protected":false},"excerpt":{"rendered":"<p>Die n\u00e4chste Schweizer Open-Source-Messe OpenExpo findet am 24. und 25. M\u00e4rz 2010 in der BEA expo in Bern statt. Der erste Tag stellt die digitale Nachhaltigkeit ins Zentrum; H\u00f6hepunkt ist das Referat von Nationalr\u00e4tin Edith Graf-Litscher und Nationalrat Christian Wasserfallen, welche die Parlamentarische Gruppe Digitale Nachhaltigkeit vorstellen. Der zweite Tag konzentriert sich auf die Informatikbed\u00fcrfnisse &#8230; <a title=\"OpenExpo, Bern\" class=\"read-more\" href=\"https:\/\/www.workshop.ch\/openmind\/2009\/12\/20\/openexpo-bern-2\/\" aria-label=\"Read more about OpenExpo, Bern\">Read more<\/a><\/p>\n","protected":false},"author":3,"featured_media":0,"comment_status":"open","ping_status":"closed","sticky":false,"template":"","format":"standard","meta":{"generate_page_header":"","footnotes":""},"categories":[1,29],"tags":[200,275,1895],"class_list":["post-1671","post","type-post","status-publish","format-standard","hentry","category-open-source","category-eventcalendar","tag-bern","tag-openexpo","tag-schweiz"],"yoast_head":"<!-- This site is optimized with the Yoast SEO plugin v27.5 - https:\/\/yoast.com\/product\/yoast-seo-wordpress\/ -->\n<title>OpenExpo, Bern - Open Mind<\/title>\n<meta name=\"robots\" content=\"index, follow, max-snippet:-1, max-image-preview:large, max-video-preview:-1\" \/>\n<link rel=\"canonical\" href=\"https:\/\/www.workshop.ch\/openmind\/2009\/12\/20\/openexpo-bern-2\/\" \/>\n<meta property=\"og:locale\" content=\"de_DE\" \/>\n<meta property=\"og:type\" content=\"article\" \/>\n<meta property=\"og:title\" content=\"OpenExpo, Bern - Open Mind\" \/>\n<meta property=\"og:description\" content=\"Die n\u00e4chste Schweizer Open-Source-Messe OpenExpo findet am 24. und 25. M\u00e4rz 2010 in der BEA expo in Bern statt. Der erste Tag stellt die digitale Nachhaltigkeit ins Zentrum; H\u00f6hepunkt ist das Referat von Nationalr\u00e4tin Edith Graf-Litscher und Nationalrat Christian Wasserfallen, welche die Parlamentarische Gruppe Digitale Nachhaltigkeit vorstellen. Der zweite Tag konzentriert sich auf die Informatikbed\u00fcrfnisse ... Read more\" \/>\n<meta property=\"og:url\" content=\"https:\/\/www.workshop.ch\/openmind\/2009\/12\/20\/openexpo-bern-2\/\" \/>\n<meta property=\"og:site_name\" content=\"Open Mind\" \/>\n<meta property=\"article:published_time\" content=\"2009-12-20T16:19:42+00:00\" \/>\n<meta property=\"article:modified_time\" content=\"2009-12-20T16:21:02+00:00\" \/>\n<meta property=\"og:image\" content=\"http:\/\/www.workshop.ch\/openmind\/wp-content\/uploads\/2009\/12\/image11.png\" \/>\n<meta name=\"author\" content=\"The Open Source Guy\" \/>\n<meta name=\"twitter:card\" content=\"summary_large_image\" \/>\n<meta name=\"twitter:label1\" content=\"Geschrieben von\" \/>\n\t<meta name=\"twitter:data1\" content=\"The Open Source Guy\" \/>\n<script type=\"application\/ld+json\" class=\"yoast-schema-graph\">{\"@context\":\"https:\\\/\\\/schema.org\",\"@graph\":[{\"@type\":\"Article\",\"@id\":\"https:\\\/\\\/www.workshop.ch\\\/openmind\\\/2009\\\/12\\\/20\\\/openexpo-bern-2\\\/#article\",\"isPartOf\":{\"@id\":\"https:\\\/\\\/www.workshop.ch\\\/openmind\\\/2009\\\/12\\\/20\\\/openexpo-bern-2\\\/\"},\"author\":{\"name\":\"The Open Source Guy\",\"@id\":\"https:\\\/\\\/www.workshop.ch\\\/openmind\\\/#\\\/schema\\\/person\\\/74ece7dcefab45da1c0cc78b2e48d793\"},\"headline\":\"OpenExpo, Bern\",\"datePublished\":\"2009-12-20T16:19:42+00:00\",\"dateModified\":\"2009-12-20T16:21:02+00:00\",\"mainEntityOfPage\":{\"@id\":\"https:\\\/\\\/www.workshop.ch\\\/openmind\\\/2009\\\/12\\\/20\\\/openexpo-bern-2\\\/\"},\"wordCount\":73,\"commentCount\":0,\"image\":{\"@id\":\"https:\\\/\\\/www.workshop.ch\\\/openmind\\\/2009\\\/12\\\/20\\\/openexpo-bern-2\\\/#primaryimage\"},\"thumbnailUrl\":\"http:\\\/\\\/www.workshop.ch\\\/openmind\\\/wp-content\\\/uploads\\\/2009\\\/12\\\/image11.png\",\"keywords\":[\"Bern\",\"OpenExpo\",\"Schweiz\"],\"articleSection\":[\"Open Source Software\",\"Termine\"],\"inLanguage\":\"de-CH\",\"potentialAction\":[{\"@type\":\"CommentAction\",\"name\":\"Comment\",\"target\":[\"https:\\\/\\\/www.workshop.ch\\\/openmind\\\/2009\\\/12\\\/20\\\/openexpo-bern-2\\\/#respond\"]}]},{\"@type\":\"WebPage\",\"@id\":\"https:\\\/\\\/www.workshop.ch\\\/openmind\\\/2009\\\/12\\\/20\\\/openexpo-bern-2\\\/\",\"url\":\"https:\\\/\\\/www.workshop.ch\\\/openmind\\\/2009\\\/12\\\/20\\\/openexpo-bern-2\\\/\",\"name\":\"OpenExpo, Bern - Open Mind\",\"isPartOf\":{\"@id\":\"https:\\\/\\\/www.workshop.ch\\\/openmind\\\/#website\"},\"primaryImageOfPage\":{\"@id\":\"https:\\\/\\\/www.workshop.ch\\\/openmind\\\/2009\\\/12\\\/20\\\/openexpo-bern-2\\\/#primaryimage\"},\"image\":{\"@id\":\"https:\\\/\\\/www.workshop.ch\\\/openmind\\\/2009\\\/12\\\/20\\\/openexpo-bern-2\\\/#primaryimage\"},\"thumbnailUrl\":\"http:\\\/\\\/www.workshop.ch\\\/openmind\\\/wp-content\\\/uploads\\\/2009\\\/12\\\/image11.png\",\"datePublished\":\"2009-12-20T16:19:42+00:00\",\"dateModified\":\"2009-12-20T16:21:02+00:00\",\"author\":{\"@id\":\"https:\\\/\\\/www.workshop.ch\\\/openmind\\\/#\\\/schema\\\/person\\\/74ece7dcefab45da1c0cc78b2e48d793\"},\"breadcrumb\":{\"@id\":\"https:\\\/\\\/www.workshop.ch\\\/openmind\\\/2009\\\/12\\\/20\\\/openexpo-bern-2\\\/#breadcrumb\"},\"inLanguage\":\"de-CH\",\"potentialAction\":[{\"@type\":\"ReadAction\",\"target\":[\"https:\\\/\\\/www.workshop.ch\\\/openmind\\\/2009\\\/12\\\/20\\\/openexpo-bern-2\\\/\"]}]},{\"@type\":\"ImageObject\",\"inLanguage\":\"de-CH\",\"@id\":\"https:\\\/\\\/www.workshop.ch\\\/openmind\\\/2009\\\/12\\\/20\\\/openexpo-bern-2\\\/#primaryimage\",\"url\":\"http:\\\/\\\/www.workshop.ch\\\/openmind\\\/wp-content\\\/uploads\\\/2009\\\/12\\\/image11.png\",\"contentUrl\":\"http:\\\/\\\/www.workshop.ch\\\/openmind\\\/wp-content\\\/uploads\\\/2009\\\/12\\\/image11.png\"},{\"@type\":\"BreadcrumbList\",\"@id\":\"https:\\\/\\\/www.workshop.ch\\\/openmind\\\/2009\\\/12\\\/20\\\/openexpo-bern-2\\\/#breadcrumb\",\"itemListElement\":[{\"@type\":\"ListItem\",\"position\":1,\"name\":\"Home\",\"item\":\"https:\\\/\\\/www.workshop.ch\\\/openmind\\\/\"},{\"@type\":\"ListItem\",\"position\":2,\"name\":\"OpenExpo, Bern\"}]},{\"@type\":\"WebSite\",\"@id\":\"https:\\\/\\\/www.workshop.ch\\\/openmind\\\/#website\",\"url\":\"https:\\\/\\\/www.workshop.ch\\\/openmind\\\/\",\"name\":\"Open Mind\",\"description\":\"Open Source &amp; Open Content\",\"potentialAction\":[{\"@type\":\"SearchAction\",\"target\":{\"@type\":\"EntryPoint\",\"urlTemplate\":\"https:\\\/\\\/www.workshop.ch\\\/openmind\\\/?s={search_term_string}\"},\"query-input\":{\"@type\":\"PropertyValueSpecification\",\"valueRequired\":true,\"valueName\":\"search_term_string\"}}],\"inLanguage\":\"de-CH\"},{\"@type\":\"Person\",\"@id\":\"https:\\\/\\\/www.workshop.ch\\\/openmind\\\/#\\\/schema\\\/person\\\/74ece7dcefab45da1c0cc78b2e48d793\",\"name\":\"The Open Source Guy\",\"image\":{\"@type\":\"ImageObject\",\"inLanguage\":\"de-CH\",\"@id\":\"https:\\\/\\\/www.workshop.ch\\\/openmind\\\/wp-content\\\/plugins\\\/avatar-privacy\\\/public\\\/images\\\/mystery.svg\",\"url\":\"https:\\\/\\\/www.workshop.ch\\\/openmind\\\/wp-content\\\/plugins\\\/avatar-privacy\\\/public\\\/images\\\/mystery.svg\",\"contentUrl\":\"https:\\\/\\\/www.workshop.ch\\\/openmind\\\/wp-content\\\/plugins\\\/avatar-privacy\\\/public\\\/images\\\/mystery.svg\",\"caption\":\"The Open Source Guy\"},\"url\":\"https:\\\/\\\/www.workshop.ch\\\/openmind\"}]}<\/script>\n<!-- \/ Yoast SEO plugin. -->","yoast_head_json":{"title":"OpenExpo, Bern - Open Mind","robots":{"index":"index","follow":"follow","max-snippet":"max-snippet:-1","max-image-preview":"max-image-preview:large","max-video-preview":"max-video-preview:-1"},"canonical":"https:\/\/www.workshop.ch\/openmind\/2009\/12\/20\/openexpo-bern-2\/","og_locale":"de_DE","og_type":"article","og_title":"OpenExpo, Bern - Open Mind","og_description":"Die n\u00e4chste Schweizer Open-Source-Messe OpenExpo findet am 24. und 25. M\u00e4rz 2010 in der BEA expo in Bern statt. Der erste Tag stellt die digitale Nachhaltigkeit ins Zentrum; H\u00f6hepunkt ist das Referat von Nationalr\u00e4tin Edith Graf-Litscher und Nationalrat Christian Wasserfallen, welche die Parlamentarische Gruppe Digitale Nachhaltigkeit vorstellen. Der zweite Tag konzentriert sich auf die Informatikbed\u00fcrfnisse ... Read more","og_url":"https:\/\/www.workshop.ch\/openmind\/2009\/12\/20\/openexpo-bern-2\/","og_site_name":"Open Mind","article_published_time":"2009-12-20T16:19:42+00:00","article_modified_time":"2009-12-20T16:21:02+00:00","og_image":[{"url":"http:\/\/www.workshop.ch\/openmind\/wp-content\/uploads\/2009\/12\/image11.png","type":"","width":"","height":""}],"author":"The Open Source Guy","twitter_card":"summary_large_image","twitter_misc":{"Geschrieben von":"The Open Source Guy"},"schema":{"@context":"https:\/\/schema.org","@graph":[{"@type":"Article","@id":"https:\/\/www.workshop.ch\/openmind\/2009\/12\/20\/openexpo-bern-2\/#article","isPartOf":{"@id":"https:\/\/www.workshop.ch\/openmind\/2009\/12\/20\/openexpo-bern-2\/"},"author":{"name":"The Open Source Guy","@id":"https:\/\/www.workshop.ch\/openmind\/#\/schema\/person\/74ece7dcefab45da1c0cc78b2e48d793"},"headline":"OpenExpo, Bern","datePublished":"2009-12-20T16:19:42+00:00","dateModified":"2009-12-20T16:21:02+00:00","mainEntityOfPage":{"@id":"https:\/\/www.workshop.ch\/openmind\/2009\/12\/20\/openexpo-bern-2\/"},"wordCount":73,"commentCount":0,"image":{"@id":"https:\/\/www.workshop.ch\/openmind\/2009\/12\/20\/openexpo-bern-2\/#primaryimage"},"thumbnailUrl":"http:\/\/www.workshop.ch\/openmind\/wp-content\/uploads\/2009\/12\/image11.png","keywords":["Bern","OpenExpo","Schweiz"],"articleSection":["Open Source Software","Termine"],"inLanguage":"de-CH","potentialAction":[{"@type":"CommentAction","name":"Comment","target":["https:\/\/www.workshop.ch\/openmind\/2009\/12\/20\/openexpo-bern-2\/#respond"]}]},{"@type":"WebPage","@id":"https:\/\/www.workshop.ch\/openmind\/2009\/12\/20\/openexpo-bern-2\/","url":"https:\/\/www.workshop.ch\/openmind\/2009\/12\/20\/openexpo-bern-2\/","name":"OpenExpo, Bern - Open Mind","isPartOf":{"@id":"https:\/\/www.workshop.ch\/openmind\/#website"},"primaryImageOfPage":{"@id":"https:\/\/www.workshop.ch\/openmind\/2009\/12\/20\/openexpo-bern-2\/#primaryimage"},"image":{"@id":"https:\/\/www.workshop.ch\/openmind\/2009\/12\/20\/openexpo-bern-2\/#primaryimage"},"thumbnailUrl":"http:\/\/www.workshop.ch\/openmind\/wp-content\/uploads\/2009\/12\/image11.png","datePublished":"2009-12-20T16:19:42+00:00","dateModified":"2009-12-20T16:21:02+00:00","author":{"@id":"https:\/\/www.workshop.ch\/openmind\/#\/schema\/person\/74ece7dcefab45da1c0cc78b2e48d793"},"breadcrumb":{"@id":"https:\/\/www.workshop.ch\/openmind\/2009\/12\/20\/openexpo-bern-2\/#breadcrumb"},"inLanguage":"de-CH","potentialAction":[{"@type":"ReadAction","target":["https:\/\/www.workshop.ch\/openmind\/2009\/12\/20\/openexpo-bern-2\/"]}]},{"@type":"ImageObject","inLanguage":"de-CH","@id":"https:\/\/www.workshop.ch\/openmind\/2009\/12\/20\/openexpo-bern-2\/#primaryimage","url":"http:\/\/www.workshop.ch\/openmind\/wp-content\/uploads\/2009\/12\/image11.png","contentUrl":"http:\/\/www.workshop.ch\/openmind\/wp-content\/uploads\/2009\/12\/image11.png"},{"@type":"BreadcrumbList","@id":"https:\/\/www.workshop.ch\/openmind\/2009\/12\/20\/openexpo-bern-2\/#breadcrumb","itemListElement":[{"@type":"ListItem","position":1,"name":"Home","item":"https:\/\/www.workshop.ch\/openmind\/"},{"@type":"ListItem","position":2,"name":"OpenExpo, Bern"}]},{"@type":"WebSite","@id":"https:\/\/www.workshop.ch\/openmind\/#website","url":"https:\/\/www.workshop.ch\/openmind\/","name":"Open Mind","description":"Open Source &amp; Open Content","potentialAction":[{"@type":"SearchAction","target":{"@type":"EntryPoint","urlTemplate":"https:\/\/www.workshop.ch\/openmind\/?s={search_term_string}"},"query-input":{"@type":"PropertyValueSpecification","valueRequired":true,"valueName":"search_term_string"}}],"inLanguage":"de-CH"},{"@type":"Person","@id":"https:\/\/www.workshop.ch\/openmind\/#\/schema\/person\/74ece7dcefab45da1c0cc78b2e48d793","name":"The Open Source Guy","image":{"@type":"ImageObject","inLanguage":"de-CH","@id":"https:\/\/www.workshop.ch\/openmind\/wp-content\/plugins\/avatar-privacy\/public\/images\/mystery.svg","url":"https:\/\/www.workshop.ch\/openmind\/wp-content\/plugins\/avatar-privacy\/public\/images\/mystery.svg","contentUrl":"https:\/\/www.workshop.ch\/openmind\/wp-content\/plugins\/avatar-privacy\/public\/images\/mystery.svg","caption":"The Open Source Guy"},"url":"https:\/\/www.workshop.ch\/openmind"}]}},"_links":{"self":[{"href":"https:\/\/www.workshop.ch\/openmind\/wp-json\/wp\/v2\/posts\/1671","targetHints":{"allow":["GET"]}}],"collection":[{"href":"https:\/\/www.workshop.ch\/openmind\/wp-json\/wp\/v2\/posts"}],"about":[{"href":"https:\/\/www.workshop.ch\/openmind\/wp-json\/wp\/v2\/types\/post"}],"author":[{"embeddable":true,"href":"https:\/\/www.workshop.ch\/openmind\/wp-json\/wp\/v2\/users\/3"}],"replies":[{"embeddable":true,"href":"https:\/\/www.workshop.ch\/openmind\/wp-json\/wp\/v2\/comments?post=1671"}],"version-history":[{"count":2,"href":"https:\/\/www.workshop.ch\/openmind\/wp-json\/wp\/v2\/posts\/1671\/revisions"}],"predecessor-version":[{"id":1674,"href":"https:\/\/www.workshop.ch\/openmind\/wp-json\/wp\/v2\/posts\/1671\/revisions\/1674"}],"wp:attachment":[{"href":"https:\/\/www.workshop.ch\/openmind\/wp-json\/wp\/v2\/media?parent=1671"}],"wp:term":[{"taxonomy":"category","embeddable":true,"href":"https:\/\/www.workshop.ch\/openmind\/wp-json\/wp\/v2\/categories?post=1671"},{"taxonomy":"post_tag","embeddable":true,"href":"https:\/\/www.workshop.ch\/openmind\/wp-json\/wp\/v2\/tags?post=1671"}],"curies":[{"name":"wp","href":"https:\/\/api.w.org\/{rel}","templated":true}]}}