{"id":407,"date":"2007-10-29T21:54:13","date_gmt":"2007-10-29T19:54:13","guid":{"rendered":"http:\/\/www.workshop.ch\/openmind\/2007\/10\/29\/update-fr-den-mozilla-kalender-sunbird-07-ist-da\/"},"modified":"2007-10-29T21:54:14","modified_gmt":"2007-10-29T19:54:14","slug":"update-fr-den-mozilla-kalender-sunbird-07-ist-da","status":"publish","type":"post","link":"https:\/\/www.workshop.ch\/openmind\/2007\/10\/29\/update-fr-den-mozilla-kalender-sunbird-07-ist-da\/","title":{"rendered":"Update f&uuml;r den Mozilla-Kalender: Sunbird 0.7 ist da"},"content":{"rendered":"<div class='__iawmlf-post-loop-links' style='display:none;' data-iawmlf-post-links='[{&quot;id&quot;:1590,&quot;href&quot;:&quot;http:\\\/\\\/www.mozilla.org\\\/projects\\\/calendar&quot;,&quot;archived_href&quot;:&quot;http:\\\/\\\/web-wp.archive.org\\\/web\\\/20131106230716\\\/http:\\\/\\\/www.mozilla.org\\\/projects\\\/calendar\\\/&quot;,&quot;redirect_href&quot;:&quot;&quot;,&quot;checks&quot;:[{&quot;date&quot;:&quot;2025-12-04 21:51:12&quot;,&quot;http_code&quot;:200},{&quot;date&quot;:&quot;2025-12-09 05:39:40&quot;,&quot;http_code&quot;:206},{&quot;date&quot;:&quot;2025-12-17 22:33:56&quot;,&quot;http_code&quot;:503},{&quot;date&quot;:&quot;2025-12-31 18:37:00&quot;,&quot;http_code&quot;:503},{&quot;date&quot;:&quot;2026-01-14 22:54:28&quot;,&quot;http_code&quot;:503},{&quot;date&quot;:&quot;2026-02-10 03:56:50&quot;,&quot;http_code&quot;:503},{&quot;date&quot;:&quot;2026-02-27 00:34:44&quot;,&quot;http_code&quot;:503},{&quot;date&quot;:&quot;2026-03-04 21:30:19&quot;,&quot;http_code&quot;:503},{&quot;date&quot;:&quot;2026-03-09 21:29:25&quot;,&quot;http_code&quot;:503},{&quot;date&quot;:&quot;2026-03-14 00:22:21&quot;,&quot;http_code&quot;:503},{&quot;date&quot;:&quot;2026-03-22 21:52:56&quot;,&quot;http_code&quot;:503},{&quot;date&quot;:&quot;2026-03-27 05:37:49&quot;,&quot;http_code&quot;:503},{&quot;date&quot;:&quot;2026-04-01 18:30:49&quot;,&quot;http_code&quot;:503},{&quot;date&quot;:&quot;2026-04-05 04:10:07&quot;,&quot;http_code&quot;:503},{&quot;date&quot;:&quot;2026-04-08 13:02:39&quot;,&quot;http_code&quot;:503},{&quot;date&quot;:&quot;2026-04-11 16:49:08&quot;,&quot;http_code&quot;:503},{&quot;date&quot;:&quot;2026-04-14 19:20:08&quot;,&quot;http_code&quot;:503},{&quot;date&quot;:&quot;2026-04-20 04:48:16&quot;,&quot;http_code&quot;:503},{&quot;date&quot;:&quot;2026-04-24 19:42:54&quot;,&quot;http_code&quot;:503}],&quot;broken&quot;:true,&quot;last_checked&quot;:{&quot;date&quot;:&quot;2026-04-24 19:42:54&quot;,&quot;http_code&quot;:503},&quot;process&quot;:&quot;done&quot;}]'><\/div>\n<p><img loading=\"lazy\" decoding=\"async\" height=\"322\" alt=\"image\" src=\"http:\/\/www.workshop.ch\/openmind\/wp-content\/uploads\/2007\/10\/image16.png\" width=\"400\"> <\/p>\n<p>Die Entwickler der Kalender-Applikation <a href=\"http:\/\/www.mozilla.org\/projects\/calendar\/\">Mozilla Sunbird<\/a> scheinen es mit den ungeraden Versionsnummern zu haben: Nach 0.1, 0.3 und 0.5 wurde nun die Version 0.7 vorgestellt. Zu den wichtigsten Neuerungen geh\u00f6ren:<\/p>\n<ul>\n<li>\u00fcberarbeiteter Event\/Task-Dialog<\/li>\n<li>neuer \u00dcbersichtsdialog f\u00fcr Events\/Tasks von Kalendern, die nur gelesen werden k\u00f6nnen<\/li>\n<li>\u00fcberlappende Events&nbsp;werden verkleinert, so dass sie in die Tagesansicht passen<\/li>\n<li>zus\u00e4tzliche Sprachversionen<\/li>\n<\/ul>\n<p>Insgesamt wird Sunbird mit dem Release 0.7 wieder ein St\u00fcck reifer,&nbsp;allerdings fehlen mir pers\u00f6nlich nach wie vor herausragende Features, welche einen Umstieg von anderen Kalenderapplikationen nahelegen w\u00fcrden. Dazu tr\u00e4gt nicht zuletzt das weiterhin ziemlich fade Standard-Theme bei.<\/p>\n<!--CusAds0-->\n<div style=\"font-size: 0px; height: 0px; line-height: 0px; margin: 0; padding: 0; clear: both;\"><\/div>","protected":false},"excerpt":{"rendered":"<p>Die Entwickler der Kalender-Applikation Mozilla Sunbird scheinen es mit den ungeraden Versionsnummern zu haben: Nach 0.1, 0.3 und 0.5 wurde nun die Version 0.7 vorgestellt. Zu den wichtigsten Neuerungen geh\u00f6ren: \u00fcberarbeiteter Event\/Task-Dialog neuer \u00dcbersichtsdialog f\u00fcr Events\/Tasks von Kalendern, die nur gelesen werden k\u00f6nnen \u00fcberlappende Events&nbsp;werden verkleinert, so dass sie in die Tagesansicht passen zus\u00e4tzliche Sprachversionen &#8230; <a title=\"Update f&uuml;r den Mozilla-Kalender: Sunbird 0.7 ist da\" class=\"read-more\" href=\"https:\/\/www.workshop.ch\/openmind\/2007\/10\/29\/update-fr-den-mozilla-kalender-sunbird-07-ist-da\/\" aria-label=\"Read more about Update f&uuml;r den Mozilla-Kalender: Sunbird 0.7 ist da\">Read more<\/a><\/p>\n","protected":false},"author":3,"featured_media":0,"comment_status":"open","ping_status":"closed","sticky":false,"template":"","format":"standard","meta":{"generate_page_header":"","footnotes":""},"categories":[1],"tags":[54,53,70,52,51],"class_list":["post-407","post","type-post","status-publish","format-standard","hentry","category-open-source","tag-icalendar","tag-kalender","tag-lightning","tag-mozilla","tag-sunbird"],"yoast_head":"<!-- This site is optimized with the Yoast SEO plugin v27.4 - https:\/\/yoast.com\/product\/yoast-seo-wordpress\/ -->\n<title>Update f&uuml;r den Mozilla-Kalender: Sunbird 0.7 ist da - Open Mind<\/title>\n<meta name=\"robots\" content=\"index, follow, max-snippet:-1, max-image-preview:large, max-video-preview:-1\" \/>\n<link rel=\"canonical\" href=\"https:\/\/www.workshop.ch\/openmind\/2007\/10\/29\/update-fr-den-mozilla-kalender-sunbird-07-ist-da\/\" \/>\n<meta property=\"og:locale\" content=\"de_DE\" \/>\n<meta property=\"og:type\" content=\"article\" \/>\n<meta property=\"og:title\" content=\"Update f&uuml;r den Mozilla-Kalender: Sunbird 0.7 ist da - Open Mind\" \/>\n<meta property=\"og:description\" content=\"Die Entwickler der Kalender-Applikation Mozilla Sunbird scheinen es mit den ungeraden Versionsnummern zu haben: Nach 0.1, 0.3 und 0.5 wurde nun die Version 0.7 vorgestellt. Zu den wichtigsten Neuerungen geh\u00f6ren: \u00fcberarbeiteter Event\/Task-Dialog neuer \u00dcbersichtsdialog f\u00fcr Events\/Tasks von Kalendern, die nur gelesen werden k\u00f6nnen \u00fcberlappende Events&nbsp;werden verkleinert, so dass sie in die Tagesansicht passen zus\u00e4tzliche Sprachversionen ... Read more\" \/>\n<meta property=\"og:url\" content=\"https:\/\/www.workshop.ch\/openmind\/2007\/10\/29\/update-fr-den-mozilla-kalender-sunbird-07-ist-da\/\" \/>\n<meta property=\"og:site_name\" content=\"Open Mind\" \/>\n<meta property=\"article:published_time\" content=\"2007-10-29T19:54:13+00:00\" \/>\n<meta property=\"article:modified_time\" content=\"2007-10-29T19:54:14+00:00\" \/>\n<meta property=\"og:image\" content=\"http:\/\/www.workshop.ch\/openmind\/wp-content\/uploads\/2007\/10\/image16.png\" \/>\n<meta name=\"author\" content=\"The Open Source Guy\" \/>\n<meta name=\"twitter:card\" content=\"summary_large_image\" \/>\n<meta name=\"twitter:label1\" content=\"Geschrieben von\" \/>\n\t<meta name=\"twitter:data1\" content=\"The Open Source Guy\" \/>\n\t<meta name=\"twitter:label2\" content=\"Gesch\u00e4tzte Lesezeit\" \/>\n\t<meta name=\"twitter:data2\" content=\"1\u00a0Minute\" \/>\n<script type=\"application\/ld+json\" class=\"yoast-schema-graph\">{\"@context\":\"https:\\\/\\\/schema.org\",\"@graph\":[{\"@type\":\"Article\",\"@id\":\"https:\\\/\\\/www.workshop.ch\\\/openmind\\\/2007\\\/10\\\/29\\\/update-fr-den-mozilla-kalender-sunbird-07-ist-da\\\/#article\",\"isPartOf\":{\"@id\":\"https:\\\/\\\/www.workshop.ch\\\/openmind\\\/2007\\\/10\\\/29\\\/update-fr-den-mozilla-kalender-sunbird-07-ist-da\\\/\"},\"author\":{\"name\":\"The Open Source Guy\",\"@id\":\"https:\\\/\\\/www.workshop.ch\\\/openmind\\\/#\\\/schema\\\/person\\\/74ece7dcefab45da1c0cc78b2e48d793\"},\"headline\":\"Update f&uuml;r den Mozilla-Kalender: Sunbird 0.7 ist da\",\"datePublished\":\"2007-10-29T19:54:13+00:00\",\"dateModified\":\"2007-10-29T19:54:14+00:00\",\"mainEntityOfPage\":{\"@id\":\"https:\\\/\\\/www.workshop.ch\\\/openmind\\\/2007\\\/10\\\/29\\\/update-fr-den-mozilla-kalender-sunbird-07-ist-da\\\/\"},\"wordCount\":110,\"commentCount\":2,\"image\":{\"@id\":\"https:\\\/\\\/www.workshop.ch\\\/openmind\\\/2007\\\/10\\\/29\\\/update-fr-den-mozilla-kalender-sunbird-07-ist-da\\\/#primaryimage\"},\"thumbnailUrl\":\"http:\\\/\\\/www.workshop.ch\\\/openmind\\\/wp-content\\\/uploads\\\/2007\\\/10\\\/image16.png\",\"keywords\":[\"iCalendar\",\"Kalender\",\"Lightning\",\"Mozilla\",\"Sunbird\"],\"articleSection\":[\"Open Source Software\"],\"inLanguage\":\"de-CH\",\"potentialAction\":[{\"@type\":\"CommentAction\",\"name\":\"Comment\",\"target\":[\"https:\\\/\\\/www.workshop.ch\\\/openmind\\\/2007\\\/10\\\/29\\\/update-fr-den-mozilla-kalender-sunbird-07-ist-da\\\/#respond\"]}]},{\"@type\":\"WebPage\",\"@id\":\"https:\\\/\\\/www.workshop.ch\\\/openmind\\\/2007\\\/10\\\/29\\\/update-fr-den-mozilla-kalender-sunbird-07-ist-da\\\/\",\"url\":\"https:\\\/\\\/www.workshop.ch\\\/openmind\\\/2007\\\/10\\\/29\\\/update-fr-den-mozilla-kalender-sunbird-07-ist-da\\\/\",\"name\":\"Update f&uuml;r den Mozilla-Kalender: Sunbird 0.7 ist da - Open Mind\",\"isPartOf\":{\"@id\":\"https:\\\/\\\/www.workshop.ch\\\/openmind\\\/#website\"},\"primaryImageOfPage\":{\"@id\":\"https:\\\/\\\/www.workshop.ch\\\/openmind\\\/2007\\\/10\\\/29\\\/update-fr-den-mozilla-kalender-sunbird-07-ist-da\\\/#primaryimage\"},\"image\":{\"@id\":\"https:\\\/\\\/www.workshop.ch\\\/openmind\\\/2007\\\/10\\\/29\\\/update-fr-den-mozilla-kalender-sunbird-07-ist-da\\\/#primaryimage\"},\"thumbnailUrl\":\"http:\\\/\\\/www.workshop.ch\\\/openmind\\\/wp-content\\\/uploads\\\/2007\\\/10\\\/image16.png\",\"datePublished\":\"2007-10-29T19:54:13+00:00\",\"dateModified\":\"2007-10-29T19:54:14+00:00\",\"author\":{\"@id\":\"https:\\\/\\\/www.workshop.ch\\\/openmind\\\/#\\\/schema\\\/person\\\/74ece7dcefab45da1c0cc78b2e48d793\"},\"breadcrumb\":{\"@id\":\"https:\\\/\\\/www.workshop.ch\\\/openmind\\\/2007\\\/10\\\/29\\\/update-fr-den-mozilla-kalender-sunbird-07-ist-da\\\/#breadcrumb\"},\"inLanguage\":\"de-CH\",\"potentialAction\":[{\"@type\":\"ReadAction\",\"target\":[\"https:\\\/\\\/www.workshop.ch\\\/openmind\\\/2007\\\/10\\\/29\\\/update-fr-den-mozilla-kalender-sunbird-07-ist-da\\\/\"]}]},{\"@type\":\"ImageObject\",\"inLanguage\":\"de-CH\",\"@id\":\"https:\\\/\\\/www.workshop.ch\\\/openmind\\\/2007\\\/10\\\/29\\\/update-fr-den-mozilla-kalender-sunbird-07-ist-da\\\/#primaryimage\",\"url\":\"http:\\\/\\\/www.workshop.ch\\\/openmind\\\/wp-content\\\/uploads\\\/2007\\\/10\\\/image16.png\",\"contentUrl\":\"http:\\\/\\\/www.workshop.ch\\\/openmind\\\/wp-content\\\/uploads\\\/2007\\\/10\\\/image16.png\"},{\"@type\":\"BreadcrumbList\",\"@id\":\"https:\\\/\\\/www.workshop.ch\\\/openmind\\\/2007\\\/10\\\/29\\\/update-fr-den-mozilla-kalender-sunbird-07-ist-da\\\/#breadcrumb\",\"itemListElement\":[{\"@type\":\"ListItem\",\"position\":1,\"name\":\"Home\",\"item\":\"https:\\\/\\\/www.workshop.ch\\\/openmind\\\/\"},{\"@type\":\"ListItem\",\"position\":2,\"name\":\"Update f&uuml;r den Mozilla-Kalender: Sunbird 0.7 ist da\"}]},{\"@type\":\"WebSite\",\"@id\":\"https:\\\/\\\/www.workshop.ch\\\/openmind\\\/#website\",\"url\":\"https:\\\/\\\/www.workshop.ch\\\/openmind\\\/\",\"name\":\"Open Mind\",\"description\":\"Open Source &amp; Open Content\",\"potentialAction\":[{\"@type\":\"SearchAction\",\"target\":{\"@type\":\"EntryPoint\",\"urlTemplate\":\"https:\\\/\\\/www.workshop.ch\\\/openmind\\\/?s={search_term_string}\"},\"query-input\":{\"@type\":\"PropertyValueSpecification\",\"valueRequired\":true,\"valueName\":\"search_term_string\"}}],\"inLanguage\":\"de-CH\"},{\"@type\":\"Person\",\"@id\":\"https:\\\/\\\/www.workshop.ch\\\/openmind\\\/#\\\/schema\\\/person\\\/74ece7dcefab45da1c0cc78b2e48d793\",\"name\":\"The Open Source Guy\",\"image\":{\"@type\":\"ImageObject\",\"inLanguage\":\"de-CH\",\"@id\":\"https:\\\/\\\/www.workshop.ch\\\/openmind\\\/wp-content\\\/plugins\\\/avatar-privacy\\\/public\\\/images\\\/mystery.svg\",\"url\":\"https:\\\/\\\/www.workshop.ch\\\/openmind\\\/wp-content\\\/plugins\\\/avatar-privacy\\\/public\\\/images\\\/mystery.svg\",\"contentUrl\":\"https:\\\/\\\/www.workshop.ch\\\/openmind\\\/wp-content\\\/plugins\\\/avatar-privacy\\\/public\\\/images\\\/mystery.svg\",\"caption\":\"The Open Source Guy\"},\"url\":\"https:\\\/\\\/www.workshop.ch\\\/openmind\"}]}<\/script>\n<!-- \/ Yoast SEO plugin. -->","yoast_head_json":{"title":"Update f&uuml;r den Mozilla-Kalender: Sunbird 0.7 ist da - Open Mind","robots":{"index":"index","follow":"follow","max-snippet":"max-snippet:-1","max-image-preview":"max-image-preview:large","max-video-preview":"max-video-preview:-1"},"canonical":"https:\/\/www.workshop.ch\/openmind\/2007\/10\/29\/update-fr-den-mozilla-kalender-sunbird-07-ist-da\/","og_locale":"de_DE","og_type":"article","og_title":"Update f&uuml;r den Mozilla-Kalender: Sunbird 0.7 ist da - Open Mind","og_description":"Die Entwickler der Kalender-Applikation Mozilla Sunbird scheinen es mit den ungeraden Versionsnummern zu haben: Nach 0.1, 0.3 und 0.5 wurde nun die Version 0.7 vorgestellt. Zu den wichtigsten Neuerungen geh\u00f6ren: \u00fcberarbeiteter Event\/Task-Dialog neuer \u00dcbersichtsdialog f\u00fcr Events\/Tasks von Kalendern, die nur gelesen werden k\u00f6nnen \u00fcberlappende Events&nbsp;werden verkleinert, so dass sie in die Tagesansicht passen zus\u00e4tzliche Sprachversionen ... Read more","og_url":"https:\/\/www.workshop.ch\/openmind\/2007\/10\/29\/update-fr-den-mozilla-kalender-sunbird-07-ist-da\/","og_site_name":"Open Mind","article_published_time":"2007-10-29T19:54:13+00:00","article_modified_time":"2007-10-29T19:54:14+00:00","og_image":[{"url":"http:\/\/www.workshop.ch\/openmind\/wp-content\/uploads\/2007\/10\/image16.png","type":"","width":"","height":""}],"author":"The Open Source Guy","twitter_card":"summary_large_image","twitter_misc":{"Geschrieben von":"The Open Source Guy","Gesch\u00e4tzte Lesezeit":"1\u00a0Minute"},"schema":{"@context":"https:\/\/schema.org","@graph":[{"@type":"Article","@id":"https:\/\/www.workshop.ch\/openmind\/2007\/10\/29\/update-fr-den-mozilla-kalender-sunbird-07-ist-da\/#article","isPartOf":{"@id":"https:\/\/www.workshop.ch\/openmind\/2007\/10\/29\/update-fr-den-mozilla-kalender-sunbird-07-ist-da\/"},"author":{"name":"The Open Source Guy","@id":"https:\/\/www.workshop.ch\/openmind\/#\/schema\/person\/74ece7dcefab45da1c0cc78b2e48d793"},"headline":"Update f&uuml;r den Mozilla-Kalender: Sunbird 0.7 ist da","datePublished":"2007-10-29T19:54:13+00:00","dateModified":"2007-10-29T19:54:14+00:00","mainEntityOfPage":{"@id":"https:\/\/www.workshop.ch\/openmind\/2007\/10\/29\/update-fr-den-mozilla-kalender-sunbird-07-ist-da\/"},"wordCount":110,"commentCount":2,"image":{"@id":"https:\/\/www.workshop.ch\/openmind\/2007\/10\/29\/update-fr-den-mozilla-kalender-sunbird-07-ist-da\/#primaryimage"},"thumbnailUrl":"http:\/\/www.workshop.ch\/openmind\/wp-content\/uploads\/2007\/10\/image16.png","keywords":["iCalendar","Kalender","Lightning","Mozilla","Sunbird"],"articleSection":["Open Source Software"],"inLanguage":"de-CH","potentialAction":[{"@type":"CommentAction","name":"Comment","target":["https:\/\/www.workshop.ch\/openmind\/2007\/10\/29\/update-fr-den-mozilla-kalender-sunbird-07-ist-da\/#respond"]}]},{"@type":"WebPage","@id":"https:\/\/www.workshop.ch\/openmind\/2007\/10\/29\/update-fr-den-mozilla-kalender-sunbird-07-ist-da\/","url":"https:\/\/www.workshop.ch\/openmind\/2007\/10\/29\/update-fr-den-mozilla-kalender-sunbird-07-ist-da\/","name":"Update f&uuml;r den Mozilla-Kalender: Sunbird 0.7 ist da - Open Mind","isPartOf":{"@id":"https:\/\/www.workshop.ch\/openmind\/#website"},"primaryImageOfPage":{"@id":"https:\/\/www.workshop.ch\/openmind\/2007\/10\/29\/update-fr-den-mozilla-kalender-sunbird-07-ist-da\/#primaryimage"},"image":{"@id":"https:\/\/www.workshop.ch\/openmind\/2007\/10\/29\/update-fr-den-mozilla-kalender-sunbird-07-ist-da\/#primaryimage"},"thumbnailUrl":"http:\/\/www.workshop.ch\/openmind\/wp-content\/uploads\/2007\/10\/image16.png","datePublished":"2007-10-29T19:54:13+00:00","dateModified":"2007-10-29T19:54:14+00:00","author":{"@id":"https:\/\/www.workshop.ch\/openmind\/#\/schema\/person\/74ece7dcefab45da1c0cc78b2e48d793"},"breadcrumb":{"@id":"https:\/\/www.workshop.ch\/openmind\/2007\/10\/29\/update-fr-den-mozilla-kalender-sunbird-07-ist-da\/#breadcrumb"},"inLanguage":"de-CH","potentialAction":[{"@type":"ReadAction","target":["https:\/\/www.workshop.ch\/openmind\/2007\/10\/29\/update-fr-den-mozilla-kalender-sunbird-07-ist-da\/"]}]},{"@type":"ImageObject","inLanguage":"de-CH","@id":"https:\/\/www.workshop.ch\/openmind\/2007\/10\/29\/update-fr-den-mozilla-kalender-sunbird-07-ist-da\/#primaryimage","url":"http:\/\/www.workshop.ch\/openmind\/wp-content\/uploads\/2007\/10\/image16.png","contentUrl":"http:\/\/www.workshop.ch\/openmind\/wp-content\/uploads\/2007\/10\/image16.png"},{"@type":"BreadcrumbList","@id":"https:\/\/www.workshop.ch\/openmind\/2007\/10\/29\/update-fr-den-mozilla-kalender-sunbird-07-ist-da\/#breadcrumb","itemListElement":[{"@type":"ListItem","position":1,"name":"Home","item":"https:\/\/www.workshop.ch\/openmind\/"},{"@type":"ListItem","position":2,"name":"Update f&uuml;r den Mozilla-Kalender: Sunbird 0.7 ist da"}]},{"@type":"WebSite","@id":"https:\/\/www.workshop.ch\/openmind\/#website","url":"https:\/\/www.workshop.ch\/openmind\/","name":"Open Mind","description":"Open Source &amp; Open Content","potentialAction":[{"@type":"SearchAction","target":{"@type":"EntryPoint","urlTemplate":"https:\/\/www.workshop.ch\/openmind\/?s={search_term_string}"},"query-input":{"@type":"PropertyValueSpecification","valueRequired":true,"valueName":"search_term_string"}}],"inLanguage":"de-CH"},{"@type":"Person","@id":"https:\/\/www.workshop.ch\/openmind\/#\/schema\/person\/74ece7dcefab45da1c0cc78b2e48d793","name":"The Open Source Guy","image":{"@type":"ImageObject","inLanguage":"de-CH","@id":"https:\/\/www.workshop.ch\/openmind\/wp-content\/plugins\/avatar-privacy\/public\/images\/mystery.svg","url":"https:\/\/www.workshop.ch\/openmind\/wp-content\/plugins\/avatar-privacy\/public\/images\/mystery.svg","contentUrl":"https:\/\/www.workshop.ch\/openmind\/wp-content\/plugins\/avatar-privacy\/public\/images\/mystery.svg","caption":"The Open Source Guy"},"url":"https:\/\/www.workshop.ch\/openmind"}]}},"_links":{"self":[{"href":"https:\/\/www.workshop.ch\/openmind\/wp-json\/wp\/v2\/posts\/407","targetHints":{"allow":["GET"]}}],"collection":[{"href":"https:\/\/www.workshop.ch\/openmind\/wp-json\/wp\/v2\/posts"}],"about":[{"href":"https:\/\/www.workshop.ch\/openmind\/wp-json\/wp\/v2\/types\/post"}],"author":[{"embeddable":true,"href":"https:\/\/www.workshop.ch\/openmind\/wp-json\/wp\/v2\/users\/3"}],"replies":[{"embeddable":true,"href":"https:\/\/www.workshop.ch\/openmind\/wp-json\/wp\/v2\/comments?post=407"}],"version-history":[{"count":0,"href":"https:\/\/www.workshop.ch\/openmind\/wp-json\/wp\/v2\/posts\/407\/revisions"}],"wp:attachment":[{"href":"https:\/\/www.workshop.ch\/openmind\/wp-json\/wp\/v2\/media?parent=407"}],"wp:term":[{"taxonomy":"category","embeddable":true,"href":"https:\/\/www.workshop.ch\/openmind\/wp-json\/wp\/v2\/categories?post=407"},{"taxonomy":"post_tag","embeddable":true,"href":"https:\/\/www.workshop.ch\/openmind\/wp-json\/wp\/v2\/tags?post=407"}],"curies":[{"name":"wp","href":"https:\/\/api.w.org\/{rel}","templated":true}]}}